{"id":1,"date":"2026-03-30T13:37:50","date_gmt":"2026-03-30T13:37:50","guid":{"rendered":"https:\/\/39928931.servicio-online.net\/bollerwagen26\/?p=1"},"modified":"2026-04-01T12:27:41","modified_gmt":"2026-04-01T12:27:41","slug":"bollerwagen-o-carrito","status":"publish","type":"post","link":"https:\/\/bollerwagen.es\/index.php\/2026\/03\/30\/bollerwagen-o-carrito\/","title":{"rendered":"\u00bfPor qu\u00e9 comprar un bollerwagen y no un carrito de beb\u00e9?"},"content":{"rendered":"\n<p class=\"wp-block-paragraph\">\u00bfPor qu\u00e9 comprar un bollerwagen y no un carrito de beb\u00e9?<\/p>\n\n\n\n<p class=\"wp-block-paragraph\">Cuando una familia empieza a salir m\u00e1s, a moverse m\u00e1s y a hacer planes m\u00e1s largos con ni\u00f1os, llega un momento bastante evidente: <strong>parece que cada salida implica llevar media casa encima<\/strong>.<\/p>\n\n\n\n<p class=\"wp-block-paragraph\">Agua, merienda, mochilas, ropa, juguetes, toallas, cambios, libros, mantas, cosas que parecen imprescindibles y otras que aparecen sin saber muy bien c\u00f3mo. Y aunque el carrito de beb\u00e9 resuelve una parte importante durante una etapa concreta, hay momentos en los que se queda corto para ciertos usos.<\/p>\n\n\n\n<p class=\"wp-block-paragraph\">Ah\u00ed es donde muchas familias descubren el <strong>bollerwagen<\/strong>.<\/p>\n\n\n\n<p class=\"wp-block-paragraph\">No porque sustituya por completo al carrito de beb\u00e9.<br>Sino porque ofrece <strong>otra forma de moverse<\/strong>: m\u00e1s flexible, m\u00e1s vers\u00e1til y, en muchos casos, mucho m\u00e1s c\u00f3moda para el tipo de vida que llevas cuando los ni\u00f1os crecen un poco y el mundo se ensancha.<\/p>\n\n\n\n<hr class=\"wp-block-separator has-alpha-channel-opacity\"\/>\n\n\n\n<h2 class=\"wp-block-heading\">Respuesta r\u00e1pida<\/h2>\n\n\n\n<p class=\"wp-block-paragraph\">Si est\u00e1s dudando entre un carrito de beb\u00e9 y un bollerwagen, la respuesta corta es esta:<\/p>\n\n\n\n<p class=\"wp-block-paragraph\"><strong>no son exactamente lo mismo ni cumplen la misma funci\u00f3n<\/strong>.<\/p>\n\n\n\n<p class=\"wp-block-paragraph\">El carrito de beb\u00e9 est\u00e1 pensado sobre todo para <strong>transportar al ni\u00f1o<\/strong> durante sus primeros a\u00f1os de vida.<br>El bollerwagen, en cambio, funciona m\u00e1s como un <strong>carro familiar multifunci\u00f3n<\/strong>: sirve para llevar ni\u00f1os, s\u00ed, pero tambi\u00e9n mochilas, toallas, comida, juguetes, material de playa o de camping, y acompa\u00f1ar mejor una vida en movimiento.<\/p>\n\n\n\n<p class=\"wp-block-paragraph\">Por eso muchas familias no cambian una cosa por la otra, sino que <strong>incorporan el bollerwagen cuando su forma de salir cambia<\/strong>.<\/p>\n\n\n\n<hr class=\"wp-block-separator has-alpha-channel-opacity\"\/>\n\n\n\n<h2 class=\"wp-block-heading\">Un carrito de beb\u00e9 est\u00e1 pensado para una etapa. Un bollerwagen, para muchos tipos de d\u00eda<\/h2>\n\n\n\n<p class=\"wp-block-paragraph\">Un carrito de beb\u00e9 tiene una l\u00f3gica muy concreta: paseo diario, descanso, movilidad urbana, siestas, trayectos m\u00e1s o menos previsibles. Y durante bastante tiempo, eso es exactamente lo que hace falta.<\/p>\n\n\n\n<p class=\"wp-block-paragraph\">Pero con el tiempo, muchas familias empiezan a notar algo:<\/p>\n\n\n\n<p class=\"wp-block-paragraph\"><strong>el problema ya no es solo mover al ni\u00f1o. El problema es moverlo todo.<\/strong><\/p>\n\n\n\n<p class=\"wp-block-paragraph\">Y ah\u00ed el carrito tradicional empieza a mostrar sus l\u00edmites:<\/p>\n\n\n\n<ul class=\"wp-block-list\">\n<li>menos espacio \u00fatil<\/li>\n\n\n\n<li>menos capacidad de carga<\/li>\n\n\n\n<li>m\u00e1s incomodidad para llevar cosas extra<\/li>\n\n\n\n<li>menos versatilidad en ciertos terrenos<\/li>\n\n\n\n<li>menos libertad para d\u00edas largos fuera de casa<\/li>\n<\/ul>\n\n\n\n<p class=\"wp-block-paragraph\">Un bollerwagen entra justo ah\u00ed.<\/p>\n\n\n\n<p class=\"wp-block-paragraph\">No tanto como sustituto absoluto del carrito, sino como una herramienta m\u00e1s adecuada para otro tipo de jornadas:<\/p>\n\n\n\n<ul class=\"wp-block-list\">\n<li>d\u00edas de playa<\/li>\n\n\n\n<li>parques largos<\/li>\n\n\n\n<li>excursiones<\/li>\n\n\n\n<li>festivales familiares<\/li>\n\n\n\n<li>camping<\/li>\n\n\n\n<li>escapadas<\/li>\n\n\n\n<li>tardes fuera de casa<\/li>\n\n\n\n<li>ciudad con mucho equipaje o ni\u00f1os ya m\u00e1s grandes<\/li>\n<\/ul>\n\n\n\n<hr class=\"wp-block-separator has-alpha-channel-opacity\"\/>\n\n\n\n<h2 class=\"wp-block-heading\">\u00bfSirve tambi\u00e9n para llevar ni\u00f1os? S\u00ed, y aqu\u00ed es donde cambia mucho la cosa<\/h2>\n\n\n\n<p class=\"wp-block-paragraph\">S\u00ed, y de hecho esta es una de las razones por las que muchas familias acaban incorporando un bollerwagen antes de lo que imaginaban.<\/p>\n\n\n\n<p class=\"wp-block-paragraph\">En t\u00e9rminos pr\u00e1cticos, un bollerwagen puede empezar a tener sentido <strong>desde el momento en que el peque ya se sienta de forma segura e independiente<\/strong>, es decir, <strong>aproximadamente desde el a\u00f1o de edad<\/strong> en muchos casos, siempre dependiendo del desarrollo y del uso que vaya a hacerse.<\/p>\n\n\n\n<p class=\"wp-block-paragraph\">Y esto abre una posibilidad muy interesante:<\/p>\n\n\n\n<h2 class=\"wp-block-heading\">el ni\u00f1o no solo puede ir transportado, sino tambi\u00e9n <strong>c\u00f3modo, seguro y con mucha m\u00e1s libertad de movimiento<\/strong>.<\/h2>\n\n\n\n<p class=\"wp-block-paragraph\">A diferencia de un carrito cl\u00e1sico, donde la postura suele estar mucho m\u00e1s condicionada por la estructura, el bollerwagen ofrece un espacio mucho m\u00e1s flexible.<\/p>\n\n\n\n<p class=\"wp-block-paragraph\">Eso significa que el peque puede ir:<\/p>\n\n\n\n<ul class=\"wp-block-list\">\n<li>sentado con comodidad<\/li>\n\n\n\n<li>recostado<\/li>\n\n\n\n<li>tumbado si se duerme<\/li>\n\n\n\n<li>rodeado de mantas, juguetes o libros<\/li>\n\n\n\n<li>compartiendo el espacio con otra hermana o hermano<\/li>\n<\/ul>\n\n\n\n<p class=\"wp-block-paragraph\">Y eso cambia mucho la experiencia.<\/p>\n\n\n\n<p class=\"wp-block-paragraph\">Porque deja de sentirse solo como \u201cun medio de transporte\u201d y empieza a funcionar m\u00e1s como una especie de <strong>peque\u00f1o espacio propio y m\u00f3vil<\/strong>.<\/p>\n\n\n\n<hr class=\"wp-block-separator has-alpha-channel-opacity\"\/>\n\n\n\n<h2 class=\"wp-block-heading\">M\u00e1s libertad de movimiento, menos sensaci\u00f3n de ir \u201catado\u201d<\/h2>\n\n\n\n<p class=\"wp-block-paragraph\">Una de las grandes diferencias pr\u00e1cticas del bollerwagen es que, bien usado y en contextos adecuados, <strong>el ni\u00f1o no necesita ir necesariamente sujeto de forma constante como en un carrito tradicional<\/strong>.<\/p>\n\n\n\n<p class=\"wp-block-paragraph\">De hecho, una de las cosas que muchas familias valoran m\u00e1s es precisamente esa:<\/p>\n\n\n\n<h2 class=\"wp-block-heading\">la sensaci\u00f3n de libertad.<\/h2>\n\n\n\n<p class=\"wp-block-paragraph\">Al ir dentro de un espacio amplio, estable y protegido, sin un riesgo real de ca\u00edda hacia delante como ocurre en otros formatos m\u00e1s abiertos, muchos ni\u00f1os pueden viajar <strong>sin ir abrochados<\/strong>, con libertad para cambiar de postura, moverse, coger un juguete, mirar un libro o simplemente acomodarse a su manera.<\/p>\n\n\n\n<p class=\"wp-block-paragraph\">Eso les da una autonom\u00eda corporal muy distinta.<\/p>\n\n\n\n<p class=\"wp-block-paragraph\">Y tambi\u00e9n hace que el bollerwagen se viva menos como un \u201casiento impuesto\u201d y m\u00e1s como un lugar donde estar.<\/p>\n\n\n\n<p class=\"wp-block-paragraph\">Por eso, para muchos peques, el bollerwagen no se convierte solo en un carro.<\/p>\n\n\n\n<p class=\"wp-block-paragraph\">Se convierte en una peque\u00f1a <strong>extensi\u00f3n de su espacio de juego, descanso y observaci\u00f3n<\/strong>.<\/p>\n\n\n\n<p class=\"wp-block-paragraph\">Y eso explica bastante bien por qu\u00e9 muchos lo aceptan tan bien.<\/p>\n\n\n\n<hr class=\"wp-block-separator has-alpha-channel-opacity\"\/>\n\n\n\n<h2 class=\"wp-block-heading\">Cuando hay hermanos de distintas edades, el bollerwagen tiene a\u00fan m\u00e1s sentido<\/h2>\n\n\n\n<p class=\"wp-block-paragraph\">Este es otro punto donde muchas familias notan una diferencia enorme.<\/p>\n\n\n\n<p class=\"wp-block-paragraph\">Porque uno de los l\u00edmites m\u00e1s claros del carrito tradicional es que suele estar pensado para una etapa muy concreta y para una configuraci\u00f3n bastante r\u00edgida.<\/p>\n\n\n\n<p class=\"wp-block-paragraph\">En cambio, el bollerwagen permite una convivencia mucho m\u00e1s natural entre edades distintas.<\/p>\n\n\n\n<p class=\"wp-block-paragraph\">Por ejemplo:<\/p>\n\n\n\n<ul class=\"wp-block-list\">\n<li>un ni\u00f1o peque\u00f1o puede ir sentado o tumbado<\/li>\n\n\n\n<li>mientras un hermano o hermana mayor puede subir en momentos de cansancio<\/li>\n\n\n\n<li>o compartir el trayecto durante una parte del paseo<\/li>\n<\/ul>\n\n\n\n<p class=\"wp-block-paragraph\">Y eso, en la pr\u00e1ctica, es una ayuda enorme.<\/p>\n\n\n\n<p class=\"wp-block-paragraph\">Nosotros mismos lo hemos vivido as\u00ed.<\/p>\n\n\n\n<p class=\"wp-block-paragraph\"><strong>Cuando la peque\u00f1a ten\u00eda alrededor de un a\u00f1o y la mayor cinco, el \u00fanico carro con el que sal\u00edamos era el bollerwagen.<\/strong><\/p>\n\n\n\n<p class=\"wp-block-paragraph\">No porque sustituyera al carrito \u201cpor sistema\u201d, sino porque era la \u00fanica opci\u00f3n que realmente se adaptaba a la forma en la que nos mov\u00edamos como familia.<\/p>\n\n\n\n<p class=\"wp-block-paragraph\">Las dos pod\u00edan ir juntas.<br>Una pod\u00eda descansar mientras la otra sub\u00eda y bajaba.<br>Hab\u00eda sitio para ellas y para las cosas.<\/p>\n\n\n\n<p class=\"wp-block-paragraph\">Y sobre todo, el carro acompa\u00f1aba mejor la realidad del d\u00eda que un sistema mucho m\u00e1s r\u00edgido.<\/p>\n\n\n\n<p class=\"wp-block-paragraph\">Ese tipo de uso compartido es, probablemente, una de las grandes ventajas menos explicadas del bollerwagen.<\/p>\n\n\n\n<p class=\"wp-block-paragraph\">Y sin embargo, cuando lo pruebas, se vuelve bastante evidente.<\/p>\n\n\n\n<hr class=\"wp-block-separator has-alpha-channel-opacity\"\/>\n\n\n\n<h2 class=\"wp-block-heading\">La gran diferencia: un bollerwagen no solo transporta, tambi\u00e9n libera<\/h2>\n\n\n\n<p class=\"wp-block-paragraph\">Puede sonar exagerado, pero no lo es.<\/p>\n\n\n\n<p class=\"wp-block-paragraph\">La diferencia real entre un carrito de beb\u00e9 y un bollerwagen no est\u00e1 solo en las ruedas, el chasis o el plegado.<br>Est\u00e1 en <strong>c\u00f3mo cambia la experiencia de moverse<\/strong>.<\/p>\n\n\n\n<p class=\"wp-block-paragraph\">Porque cuando llevas un bollerwagen, no solo est\u00e1s transportando cosas.<br>Tambi\u00e9n est\u00e1s reduciendo una parte del estr\u00e9s log\u00edstico que acompa\u00f1a a muchas salidas familiares.<\/p>\n\n\n\n<p class=\"wp-block-paragraph\">Y eso, en la pr\u00e1ctica, se nota mucho.<\/p>\n\n\n\n<h3 class=\"wp-block-heading\">Un bollerwagen te da margen para:<\/h3>\n\n\n\n<ul class=\"wp-block-list\">\n<li>salir m\u00e1s tiempo<\/li>\n\n\n\n<li>improvisar m\u00e1s<\/li>\n\n\n\n<li>cargar menos peso encima<\/li>\n\n\n\n<li>no depender tanto de bolsas colgadas por todas partes<\/li>\n\n\n\n<li>moverte mejor por playa, parque o zonas menos urbanas<\/li>\n\n\n\n<li>llevar cosas sin convertirte t\u00fa en el sistema de transporte principal<\/li>\n<\/ul>\n\n\n\n<p class=\"wp-block-paragraph\">No parece una revoluci\u00f3n, pero en d\u00edas reales <strong>s\u00ed puede marcar bastante diferencia<\/strong>.<\/p>\n\n\n\n<hr class=\"wp-block-separator has-alpha-channel-opacity\"\/>\n\n\n\n<h2 class=\"wp-block-heading\">\u00bfEntonces sustituye al carrito de beb\u00e9?<\/h2>\n\n\n\n<p class=\"wp-block-paragraph\">No necesariamente.<\/p>\n\n\n\n<p class=\"wp-block-paragraph\">Y esta es probablemente la forma m\u00e1s honesta de verlo.<\/p>\n\n\n\n<p class=\"wp-block-paragraph\">Un carrito de beb\u00e9 sigue teniendo mucho sentido si:<\/p>\n\n\n\n<ul class=\"wp-block-list\">\n<li>tu uso es principalmente urbano<\/li>\n\n\n\n<li>tu hijo es muy peque\u00f1o<\/li>\n\n\n\n<li>haces trayectos cortos y sencillos<\/li>\n\n\n\n<li>priorizas la siesta y la posici\u00f3n ergon\u00f3mica cl\u00e1sica<\/li>\n\n\n\n<li>necesitas una soluci\u00f3n m\u00e1s compacta para ascensores o transporte diario<\/li>\n<\/ul>\n\n\n\n<p class=\"wp-block-paragraph\">En cambio, un bollerwagen suele tener m\u00e1s sentido si:<\/p>\n\n\n\n<ul class=\"wp-block-list\">\n<li>haces muchos planes al aire libre<\/li>\n\n\n\n<li>vais mucho a la playa o al campo<\/li>\n\n\n\n<li>viaj\u00e1is con bastante equipaje<\/li>\n\n\n\n<li>tienes m\u00e1s de un ni\u00f1o<\/li>\n\n\n\n<li>tus hijos ya alternan caminar y cansarse<\/li>\n\n\n\n<li>quieres una soluci\u00f3n m\u00e1s flexible para d\u00edas largos fuera de casa<\/li>\n<\/ul>\n\n\n\n<p class=\"wp-block-paragraph\">No es una cuesti\u00f3n de \u201cmejor o peor\u201d.<br>Es una cuesti\u00f3n de <strong>encaje real con tu forma de vivir<\/strong>.<\/p>\n\n\n\n<hr class=\"wp-block-separator has-alpha-channel-opacity\"\/>\n\n\n\n<h2 class=\"wp-block-heading\">Lo que muchas familias descubren tarde<\/h2>\n\n\n\n<p class=\"wp-block-paragraph\">Una de las cosas m\u00e1s curiosas del bollerwagen es que muchas familias lo descubren <strong>demasiado tarde<\/strong>.<\/p>\n\n\n\n<p class=\"wp-block-paragraph\">No porque lo necesiten desde el principio, sino porque muchas veces ni siquiera sab\u00edan que exist\u00eda como opci\u00f3n real.<\/p>\n\n\n\n<p class=\"wp-block-paragraph\">Y cuando lo prueban, lo que suele pasar no es:<\/p>\n\n\n\n<blockquote class=\"wp-block-quote is-layout-flow wp-block-quote-is-layout-flow\">\n<p class=\"wp-block-paragraph\">\u201cesto sustituye al carrito\u201d.<\/p>\n<\/blockquote>\n\n\n\n<p class=\"wp-block-paragraph\">Lo que suele pasar es m\u00e1s bien:<\/p>\n\n\n\n<blockquote class=\"wp-block-quote is-layout-flow wp-block-quote-is-layout-flow\">\n<p class=\"wp-block-paragraph\">\u201cesto encaja mucho mejor en el tipo de d\u00edas que hacemos ahora\u201d.<\/p>\n<\/blockquote>\n\n\n\n<p class=\"wp-block-paragraph\">Ese matiz es importante.<\/p>\n\n\n\n<p class=\"wp-block-paragraph\">Porque no se trata de cambiar por cambiar.<br>Se trata de entender que, a medida que cambia la familia, <strong>tambi\u00e9n cambian las herramientas que tienen sentido<\/strong>.<\/p>\n\n\n\n<hr class=\"wp-block-separator has-alpha-channel-opacity\"\/>\n\n\n\n<h2 class=\"wp-block-heading\">No se trata solo de sustituir un carrito. Se trata de ganar un espacio m\u00e1s flexible para la vida familiar real<\/h2>\n\n\n\n<p class=\"wp-block-paragraph\">Y ah\u00ed est\u00e1 probablemente la diferencia m\u00e1s importante de todas.<\/p>\n\n\n\n<p class=\"wp-block-paragraph\">Porque cuando un bollerwagen encaja bien, no solo resuelve la pregunta de \u201cc\u00f3mo llevamos a los ni\u00f1os\u201d.<\/p>\n\n\n\n<p class=\"wp-block-paragraph\">Tambi\u00e9n resuelve mejor preguntas mucho m\u00e1s reales, como:<\/p>\n\n\n\n<ul class=\"wp-block-list\">\n<li>\u00bfc\u00f3mo salimos con dos edades distintas?<\/li>\n\n\n\n<li>\u00bfc\u00f3mo hacemos un d\u00eda largo fuera de casa?<\/li>\n\n\n\n<li>\u00bfc\u00f3mo se duerme uno mientras la otra sigue?<\/li>\n\n\n\n<li>\u00bfc\u00f3mo llevamos cosas sin ir todos inc\u00f3modos?<\/li>\n\n\n\n<li>\u00bfc\u00f3mo hacemos que salir sea m\u00e1s f\u00e1cil y menos r\u00edgido?<\/li>\n<\/ul>\n\n\n\n<p class=\"wp-block-paragraph\">Y en ese sentido, el bollerwagen no funciona solo como un carro.<\/p>\n\n\n\n<p class=\"wp-block-paragraph\">Funciona como una herramienta que da <strong>margen, flexibilidad y comodidad<\/strong> a una etapa familiar que suele necesitar precisamente eso.<\/p>\n\n\n\n<hr class=\"wp-block-separator has-alpha-channel-opacity\"\/>\n\n\n\n<h2 class=\"wp-block-heading\">Entonces, \u00bfmerece la pena comprar un bollerwagen?<\/h2>\n\n\n\n<p class=\"wp-block-paragraph\">En muchos casos, s\u00ed.<\/p>\n\n\n\n<p class=\"wp-block-paragraph\">Especialmente si est\u00e1s entrando en esa etapa en la que:<\/p>\n\n\n\n<ul class=\"wp-block-list\">\n<li>ya no dependes tanto del carrito cl\u00e1sico<\/li>\n\n\n\n<li>pero todav\u00eda necesitas una soluci\u00f3n pr\u00e1ctica para moverte con ni\u00f1os y muchas cosas<\/li>\n<\/ul>\n\n\n\n<p class=\"wp-block-paragraph\">Ah\u00ed es donde un bollerwagen puede convertirse en una de esas compras que no parecen esenciales al principio\u2026 pero que luego usas mucho m\u00e1s de lo que esperabas.<\/p>\n\n\n\n<p class=\"wp-block-paragraph\">Porque no se trata solo de llevar carga.<br>Se trata de <strong>ganar libertad, margen y comodidad<\/strong> en una parte bastante cotidiana de la vida familiar.<\/p>\n\n\n\n<p class=\"wp-block-paragraph\">Y eso, cuando encaja, se nota.<\/p>\n\n\n\n<hr class=\"wp-block-separator has-alpha-channel-opacity\"\/>\n\n\n\n<h2 class=\"wp-block-heading\">Conclusi\u00f3n<\/h2>\n\n\n\n<p class=\"wp-block-paragraph\">Un carrito de beb\u00e9 y un bollerwagen no compiten exactamente entre s\u00ed.<\/p>\n\n\n\n<p class=\"wp-block-paragraph\">Cumplen funciones distintas, responden a momentos distintos y encajan mejor en estilos de vida distintos.<\/p>\n\n\n\n<p class=\"wp-block-paragraph\">Pero si sientes que tu familia est\u00e1 entrando en una etapa m\u00e1s m\u00f3vil, m\u00e1s flexible, m\u00e1s de planes largos, m\u00e1s de cargar cosas y menos de paseo cl\u00e1sico, probablemente ya est\u00e1s cerca del momento en el que un bollerwagen empieza a tener mucho sentido.<\/p>\n\n\n\n<p class=\"wp-block-paragraph\">No como sustituto de todo.<br>Sino como una herramienta mejor adaptada a lo que viene despu\u00e9s.<\/p>\n\n\n\n<p class=\"wp-block-paragraph\">Y cuando eso pasa, no solo cambia c\u00f3mo transportas las cosas.<\/p>\n\n\n\n<p class=\"wp-block-paragraph\">Tambi\u00e9n cambia bastante <strong>c\u00f3mo viv\u00eds los d\u00edas fuera de casa<\/strong>.<\/p>\n\n\n\n<hr class=\"wp-block-separator has-alpha-channel-opacity\"\/>\n\n\n\n<h2 class=\"wp-block-heading\">Preguntas frecuentes<\/h2>\n\n\n\n<h3 class=\"wp-block-heading\">\u00bfA partir de qu\u00e9 edad puede usarse un bollerwagen?<\/h3>\n\n\n\n<p class=\"wp-block-paragraph\">En t\u00e9rminos pr\u00e1cticos, suele empezar a tener sentido desde que el peque ya se sienta de forma segura e independiente, aproximadamente alrededor del a\u00f1o de edad, aunque siempre depende del desarrollo de cada ni\u00f1o y del uso.<\/p>\n\n\n\n<h3 class=\"wp-block-heading\">\u00bfPuede un ni\u00f1o dormir dentro de un bollerwagen?<\/h3>\n\n\n\n<p class=\"wp-block-paragraph\">S\u00ed. Una de sus ventajas es precisamente que ofrece un espacio m\u00e1s amplio y flexible donde el peque puede ir sentado, recostado o tumbado si se duerme.<\/p>\n\n\n\n<h3 class=\"wp-block-heading\">\u00bfEs seguro llevar a los ni\u00f1os sin abrochar dentro del bollerwagen?<\/h3>\n\n\n\n<p class=\"wp-block-paragraph\">Muchas familias optan por no usar arn\u00e9s de forma constante porque el formato del carro ofrece un espacio amplio y protegido, sin el mismo riesgo de ca\u00edda hacia delante que otros formatos m\u00e1s abiertos. Aun as\u00ed, siempre conviene usar sentido com\u00fan, adaptar el uso al contexto y supervisar.<\/p>\n\n\n\n<h3 class=\"wp-block-heading\">\u00bfSirve un bollerwagen para dos ni\u00f1os?<\/h3>\n\n\n\n<p class=\"wp-block-paragraph\">S\u00ed, y de hecho ah\u00ed es donde muchas familias le encuentran m\u00e1s sentido. Especialmente cuando hay hermanos de distintas edades que pueden alternar caminar, descansar o viajar juntos.<\/p>\n\n\n\n<h3 class=\"wp-block-heading\">\u00bfSustituye un bollerwagen al carrito de beb\u00e9?<\/h3>\n\n\n\n<p class=\"wp-block-paragraph\">No siempre. Muchas veces funciona mejor como complemento o como evoluci\u00f3n natural cuando la etapa familiar cambia.<\/p>\n\n\n\n<hr class=\"wp-block-separator has-alpha-channel-opacity\"\/>\n\n\n\n<h2 class=\"wp-block-heading\">Te puede interesar tambi\u00e9n<\/h2>\n\n\n\n<p class=\"wp-block-paragraph\"><strong>Los accesorios que de verdad hacen m\u00e1s pr\u00e1ctico un bollerwagen<\/strong><\/p>\n\n\n\n<p class=\"wp-block-paragraph\"><strong>C\u00f3mo elegir un carrito plegable para familias activas<\/strong><\/p>\n\n\n\n<p class=\"wp-block-paragraph\"><strong>Fuxtec, Pinolino, Eckla o Ulfbo: \u00bfqu\u00e9 marca encaja mejor contigo?<\/strong><\/p>\n\n\n\n<p class=\"wp-block-paragraph\"><strong>Qu\u00e9 tener en cuenta antes de comprar un bollerwagen para playa o camping<\/strong><\/p>\n\n\n\n<p class=\"wp-block-paragraph\"><\/p>\n","protected":false},"excerpt":{"rendered":"<p>Cuando una familia empieza a salir m\u00e1s, a moverse m\u00e1s y a hacer planes m\u00e1s largos con ni\u00f1os, llega un momento bastante evidente: parece que cada salida implica llevar media casa encima.<\/p>\n","protected":false},"author":1,"featured_media":98,"comment_status":"open","ping_status":"open","sticky":false,"template":"","format":"standard","meta":{"_uag_custom_page_level_css":"","site-sidebar-layout":"default","site-content-layout":"","ast-site-content-layout":"default","site-content-style":"default","site-sidebar-style":"default","ast-global-header-display":"","ast-banner-title-visibility":"","ast-main-header-display":"","ast-hfb-above-header-display":"","ast-hfb-below-header-display":"","ast-hfb-mobile-header-display":"","site-post-title":"","ast-breadcrumbs-content":"","ast-featured-img":"disabled","footer-sml-layout":"","ast-disable-related-posts":"","theme-transparent-header-meta":"","adv-header-id-meta":"","stick-header-meta":"","header-above-stick-meta":"","header-main-stick-meta":"","header-below-stick-meta":"","astra-migrate-meta-layouts":"default","ast-page-background-enabled":"default","ast-page-background-meta":{"desktop":{"background-color":"var(--ast-global-color-5)","background-image":"","background-repeat":"repeat","background-position":"center center","background-size":"auto","background-attachment":"scroll","background-type":"","background-media":"","overlay-type":"","overlay-color":"","overlay-opacity":"","overlay-gradient":""},"tablet":{"background-color":"","background-image":"","background-repeat":"repeat","background-position":"center center","background-size":"auto","background-attachment":"scroll","background-type":"","background-media":"","overlay-type":"","overlay-color":"","overlay-opacity":"","overlay-gradient":""},"mobile":{"background-color":"","background-image":"","background-repeat":"repeat","background-position":"center center","background-size":"auto","background-attachment":"scroll","background-type":"","background-media":"","overlay-type":"","overlay-color":"","overlay-opacity":"","overlay-gradient":""}},"ast-content-background-meta":{"desktop":{"background-color":"var(--ast-global-color-4)","background-image":"","background-repeat":"repeat","background-position":"center center","background-size":"auto","background-attachment":"scroll","background-type":"","background-media":"","overlay-type":"","overlay-color":"","overlay-opacity":"","overlay-gradient":""},"tablet":{"background-color":"var(--ast-global-color-4)","background-image":"","background-repeat":"repeat","background-position":"center center","background-size":"auto","background-attachment":"scroll","background-type":"","background-media":"","overlay-type":"","overlay-color":"","overlay-opacity":"","overlay-gradient":""},"mobile":{"background-color":"var(--ast-global-color-4)","background-image":"","background-repeat":"repeat","background-position":"center center","background-size":"auto","background-attachment":"scroll","background-type":"","background-media":"","overlay-type":"","overlay-color":"","overlay-opacity":"","overlay-gradient":""}},"footnotes":""},"categories":[1],"tags":[],"class_list":["post-1","post","type-post","status-publish","format-standard","has-post-thumbnail","hentry","category-uncategorized"],"yoast_head":"<!-- This site is optimized with the Yoast SEO plugin v27.2 - https:\/\/yoast.com\/product\/yoast-seo-wordpress\/ -->\n<title>\u00bfPor qu\u00e9 comprar un bollerwagen y no un carrito de beb\u00e9? - Bollerwagen.es<\/title>\n<meta name=\"robots\" content=\"noindex, follow, max-snippet:-1, max-image-preview:large, max-video-preview:-1\" \/>\n<meta property=\"og:locale\" content=\"es_ES\" \/>\n<meta property=\"og:type\" content=\"article\" \/>\n<meta property=\"og:title\" content=\"\u00bfPor qu\u00e9 comprar un bollerwagen y no un carrito de beb\u00e9? - Bollerwagen.es\" \/>\n<meta property=\"og:description\" content=\"Cuando una familia empieza a salir m\u00e1s, a moverse m\u00e1s y a hacer planes m\u00e1s largos con ni\u00f1os, llega un momento bastante evidente: parece que cada salida implica llevar media casa encima.\" \/>\n<meta property=\"og:url\" content=\"https:\/\/bollerwagen.es\/index.php\/2026\/03\/30\/bollerwagen-o-carrito\/\" \/>\n<meta property=\"og:site_name\" content=\"Bollerwagen.es\" \/>\n<meta property=\"article:published_time\" content=\"2026-03-30T13:37:50+00:00\" \/>\n<meta property=\"article:modified_time\" content=\"2026-04-01T12:27:41+00:00\" \/>\n<meta property=\"og:image\" content=\"https:\/\/bollerwagen.es\/wp-content\/uploads\/2026\/03\/BollerwagenoCarritodebebe-1-1024x683.png\" \/>\n\t<meta property=\"og:image:width\" content=\"1024\" \/>\n\t<meta property=\"og:image:height\" content=\"683\" \/>\n\t<meta property=\"og:image:type\" content=\"image\/png\" \/>\n<meta name=\"author\" content=\"admin\" \/>\n<meta name=\"twitter:card\" content=\"summary_large_image\" \/>\n<meta name=\"twitter:label1\" content=\"Escrito por\" \/>\n\t<meta name=\"twitter:data1\" content=\"admin\" \/>\n\t<meta name=\"twitter:label2\" content=\"Tiempo de lectura\" \/>\n\t<meta name=\"twitter:data2\" content=\"10 minutos\" \/>\n<script type=\"application\/ld+json\" class=\"yoast-schema-graph\">{\"@context\":\"https:\/\/schema.org\",\"@graph\":[{\"@type\":\"Article\",\"@id\":\"https:\/\/bollerwagen.es\/index.php\/2026\/03\/30\/bollerwagen-o-carrito\/#article\",\"isPartOf\":{\"@id\":\"https:\/\/bollerwagen.es\/index.php\/2026\/03\/30\/bollerwagen-o-carrito\/\"},\"author\":{\"name\":\"admin\",\"@id\":\"https:\/\/bollerwagen.es\/#\/schema\/person\/947ed12be0087622e5a392594b4f0642\"},\"headline\":\"\u00bfPor qu\u00e9 comprar un bollerwagen y no un carrito de beb\u00e9?\",\"datePublished\":\"2026-03-30T13:37:50+00:00\",\"dateModified\":\"2026-04-01T12:27:41+00:00\",\"mainEntityOfPage\":{\"@id\":\"https:\/\/bollerwagen.es\/index.php\/2026\/03\/30\/bollerwagen-o-carrito\/\"},\"wordCount\":2129,\"commentCount\":1,\"image\":{\"@id\":\"https:\/\/bollerwagen.es\/index.php\/2026\/03\/30\/bollerwagen-o-carrito\/#primaryimage\"},\"thumbnailUrl\":\"https:\/\/bollerwagen.es\/wp-content\/uploads\/2026\/03\/BollerwagenoCarritodebebe-1.png\",\"articleSection\":[\"Uncategorized\"],\"inLanguage\":\"es\",\"potentialAction\":[{\"@type\":\"CommentAction\",\"name\":\"Comment\",\"target\":[\"https:\/\/bollerwagen.es\/index.php\/2026\/03\/30\/bollerwagen-o-carrito\/#respond\"]}]},{\"@type\":\"WebPage\",\"@id\":\"https:\/\/bollerwagen.es\/index.php\/2026\/03\/30\/bollerwagen-o-carrito\/\",\"url\":\"https:\/\/bollerwagen.es\/index.php\/2026\/03\/30\/bollerwagen-o-carrito\/\",\"name\":\"\u00bfPor qu\u00e9 comprar un bollerwagen y no un carrito de beb\u00e9? - Bollerwagen.es\",\"isPartOf\":{\"@id\":\"https:\/\/bollerwagen.es\/#website\"},\"primaryImageOfPage\":{\"@id\":\"https:\/\/bollerwagen.es\/index.php\/2026\/03\/30\/bollerwagen-o-carrito\/#primaryimage\"},\"image\":{\"@id\":\"https:\/\/bollerwagen.es\/index.php\/2026\/03\/30\/bollerwagen-o-carrito\/#primaryimage\"},\"thumbnailUrl\":\"https:\/\/bollerwagen.es\/wp-content\/uploads\/2026\/03\/BollerwagenoCarritodebebe-1.png\",\"datePublished\":\"2026-03-30T13:37:50+00:00\",\"dateModified\":\"2026-04-01T12:27:41+00:00\",\"author\":{\"@id\":\"https:\/\/bollerwagen.es\/#\/schema\/person\/947ed12be0087622e5a392594b4f0642\"},\"breadcrumb\":{\"@id\":\"https:\/\/bollerwagen.es\/index.php\/2026\/03\/30\/bollerwagen-o-carrito\/#breadcrumb\"},\"inLanguage\":\"es\",\"potentialAction\":[{\"@type\":\"ReadAction\",\"target\":[\"https:\/\/bollerwagen.es\/index.php\/2026\/03\/30\/bollerwagen-o-carrito\/\"]}]},{\"@type\":\"ImageObject\",\"inLanguage\":\"es\",\"@id\":\"https:\/\/bollerwagen.es\/index.php\/2026\/03\/30\/bollerwagen-o-carrito\/#primaryimage\",\"url\":\"https:\/\/bollerwagen.es\/wp-content\/uploads\/2026\/03\/BollerwagenoCarritodebebe-1.png\",\"contentUrl\":\"https:\/\/bollerwagen.es\/wp-content\/uploads\/2026\/03\/BollerwagenoCarritodebebe-1.png\",\"width\":1536,\"height\":1024},{\"@type\":\"BreadcrumbList\",\"@id\":\"https:\/\/bollerwagen.es\/index.php\/2026\/03\/30\/bollerwagen-o-carrito\/#breadcrumb\",\"itemListElement\":[{\"@type\":\"ListItem\",\"position\":1,\"name\":\"Portada\",\"item\":\"https:\/\/bollerwagen.es\/\"},{\"@type\":\"ListItem\",\"position\":2,\"name\":\"\u00bfPor qu\u00e9 comprar un bollerwagen y no un carrito de beb\u00e9?\"}]},{\"@type\":\"WebSite\",\"@id\":\"https:\/\/bollerwagen.es\/#website\",\"url\":\"https:\/\/bollerwagen.es\/\",\"name\":\"Bollerwagen.es\",\"description\":\"\",\"potentialAction\":[{\"@type\":\"SearchAction\",\"target\":{\"@type\":\"EntryPoint\",\"urlTemplate\":\"https:\/\/bollerwagen.es\/?s={search_term_string}\"},\"query-input\":{\"@type\":\"PropertyValueSpecification\",\"valueRequired\":true,\"valueName\":\"search_term_string\"}}],\"inLanguage\":\"es\"},{\"@type\":\"Person\",\"@id\":\"https:\/\/bollerwagen.es\/#\/schema\/person\/947ed12be0087622e5a392594b4f0642\",\"name\":\"admin\",\"image\":{\"@type\":\"ImageObject\",\"inLanguage\":\"es\",\"@id\":\"https:\/\/secure.gravatar.com\/avatar\/00cfcae198899260c8db0e0b8f9d4c40f23228a82e2c2b1a6c20fd0a2787aaf3?s=96&d=mm&r=g\",\"url\":\"https:\/\/secure.gravatar.com\/avatar\/00cfcae198899260c8db0e0b8f9d4c40f23228a82e2c2b1a6c20fd0a2787aaf3?s=96&d=mm&r=g\",\"contentUrl\":\"https:\/\/secure.gravatar.com\/avatar\/00cfcae198899260c8db0e0b8f9d4c40f23228a82e2c2b1a6c20fd0a2787aaf3?s=96&d=mm&r=g\",\"caption\":\"admin\"},\"sameAs\":[\"https:\/\/bollerwagen.es\"],\"url\":\"https:\/\/bollerwagen.es\/index.php\/author\/bollerwagenes2026\/\"}]}<\/script>\n<!-- \/ Yoast SEO plugin. -->","yoast_head_json":{"title":"\u00bfPor qu\u00e9 comprar un bollerwagen y no un carrito de beb\u00e9? - Bollerwagen.es","robots":{"index":"noindex","follow":"follow","max-snippet":"max-snippet:-1","max-image-preview":"max-image-preview:large","max-video-preview":"max-video-preview:-1"},"og_locale":"es_ES","og_type":"article","og_title":"\u00bfPor qu\u00e9 comprar un bollerwagen y no un carrito de beb\u00e9? - Bollerwagen.es","og_description":"Cuando una familia empieza a salir m\u00e1s, a moverse m\u00e1s y a hacer planes m\u00e1s largos con ni\u00f1os, llega un momento bastante evidente: parece que cada salida implica llevar media casa encima.","og_url":"https:\/\/bollerwagen.es\/index.php\/2026\/03\/30\/bollerwagen-o-carrito\/","og_site_name":"Bollerwagen.es","article_published_time":"2026-03-30T13:37:50+00:00","article_modified_time":"2026-04-01T12:27:41+00:00","og_image":[{"width":1024,"height":683,"url":"https:\/\/bollerwagen.es\/wp-content\/uploads\/2026\/03\/BollerwagenoCarritodebebe-1-1024x683.png","type":"image\/png"}],"author":"admin","twitter_card":"summary_large_image","twitter_misc":{"Escrito por":"admin","Tiempo de lectura":"10 minutos"},"schema":{"@context":"https:\/\/schema.org","@graph":[{"@type":"Article","@id":"https:\/\/bollerwagen.es\/index.php\/2026\/03\/30\/bollerwagen-o-carrito\/#article","isPartOf":{"@id":"https:\/\/bollerwagen.es\/index.php\/2026\/03\/30\/bollerwagen-o-carrito\/"},"author":{"name":"admin","@id":"https:\/\/bollerwagen.es\/#\/schema\/person\/947ed12be0087622e5a392594b4f0642"},"headline":"\u00bfPor qu\u00e9 comprar un bollerwagen y no un carrito de beb\u00e9?","datePublished":"2026-03-30T13:37:50+00:00","dateModified":"2026-04-01T12:27:41+00:00","mainEntityOfPage":{"@id":"https:\/\/bollerwagen.es\/index.php\/2026\/03\/30\/bollerwagen-o-carrito\/"},"wordCount":2129,"commentCount":1,"image":{"@id":"https:\/\/bollerwagen.es\/index.php\/2026\/03\/30\/bollerwagen-o-carrito\/#primaryimage"},"thumbnailUrl":"https:\/\/bollerwagen.es\/wp-content\/uploads\/2026\/03\/BollerwagenoCarritodebebe-1.png","articleSection":["Uncategorized"],"inLanguage":"es","potentialAction":[{"@type":"CommentAction","name":"Comment","target":["https:\/\/bollerwagen.es\/index.php\/2026\/03\/30\/bollerwagen-o-carrito\/#respond"]}]},{"@type":"WebPage","@id":"https:\/\/bollerwagen.es\/index.php\/2026\/03\/30\/bollerwagen-o-carrito\/","url":"https:\/\/bollerwagen.es\/index.php\/2026\/03\/30\/bollerwagen-o-carrito\/","name":"\u00bfPor qu\u00e9 comprar un bollerwagen y no un carrito de beb\u00e9? - Bollerwagen.es","isPartOf":{"@id":"https:\/\/bollerwagen.es\/#website"},"primaryImageOfPage":{"@id":"https:\/\/bollerwagen.es\/index.php\/2026\/03\/30\/bollerwagen-o-carrito\/#primaryimage"},"image":{"@id":"https:\/\/bollerwagen.es\/index.php\/2026\/03\/30\/bollerwagen-o-carrito\/#primaryimage"},"thumbnailUrl":"https:\/\/bollerwagen.es\/wp-content\/uploads\/2026\/03\/BollerwagenoCarritodebebe-1.png","datePublished":"2026-03-30T13:37:50+00:00","dateModified":"2026-04-01T12:27:41+00:00","author":{"@id":"https:\/\/bollerwagen.es\/#\/schema\/person\/947ed12be0087622e5a392594b4f0642"},"breadcrumb":{"@id":"https:\/\/bollerwagen.es\/index.php\/2026\/03\/30\/bollerwagen-o-carrito\/#breadcrumb"},"inLanguage":"es","potentialAction":[{"@type":"ReadAction","target":["https:\/\/bollerwagen.es\/index.php\/2026\/03\/30\/bollerwagen-o-carrito\/"]}]},{"@type":"ImageObject","inLanguage":"es","@id":"https:\/\/bollerwagen.es\/index.php\/2026\/03\/30\/bollerwagen-o-carrito\/#primaryimage","url":"https:\/\/bollerwagen.es\/wp-content\/uploads\/2026\/03\/BollerwagenoCarritodebebe-1.png","contentUrl":"https:\/\/bollerwagen.es\/wp-content\/uploads\/2026\/03\/BollerwagenoCarritodebebe-1.png","width":1536,"height":1024},{"@type":"BreadcrumbList","@id":"https:\/\/bollerwagen.es\/index.php\/2026\/03\/30\/bollerwagen-o-carrito\/#breadcrumb","itemListElement":[{"@type":"ListItem","position":1,"name":"Portada","item":"https:\/\/bollerwagen.es\/"},{"@type":"ListItem","position":2,"name":"\u00bfPor qu\u00e9 comprar un bollerwagen y no un carrito de beb\u00e9?"}]},{"@type":"WebSite","@id":"https:\/\/bollerwagen.es\/#website","url":"https:\/\/bollerwagen.es\/","name":"Bollerwagen.es","description":"","potentialAction":[{"@type":"SearchAction","target":{"@type":"EntryPoint","urlTemplate":"https:\/\/bollerwagen.es\/?s={search_term_string}"},"query-input":{"@type":"PropertyValueSpecification","valueRequired":true,"valueName":"search_term_string"}}],"inLanguage":"es"},{"@type":"Person","@id":"https:\/\/bollerwagen.es\/#\/schema\/person\/947ed12be0087622e5a392594b4f0642","name":"admin","image":{"@type":"ImageObject","inLanguage":"es","@id":"https:\/\/secure.gravatar.com\/avatar\/00cfcae198899260c8db0e0b8f9d4c40f23228a82e2c2b1a6c20fd0a2787aaf3?s=96&d=mm&r=g","url":"https:\/\/secure.gravatar.com\/avatar\/00cfcae198899260c8db0e0b8f9d4c40f23228a82e2c2b1a6c20fd0a2787aaf3?s=96&d=mm&r=g","contentUrl":"https:\/\/secure.gravatar.com\/avatar\/00cfcae198899260c8db0e0b8f9d4c40f23228a82e2c2b1a6c20fd0a2787aaf3?s=96&d=mm&r=g","caption":"admin"},"sameAs":["https:\/\/bollerwagen.es"],"url":"https:\/\/bollerwagen.es\/index.php\/author\/bollerwagenes2026\/"}]}},"uagb_featured_image_src":{"full":["https:\/\/bollerwagen.es\/wp-content\/uploads\/2026\/03\/BollerwagenoCarritodebebe-1.png",1536,1024,false],"thumbnail":["https:\/\/bollerwagen.es\/wp-content\/uploads\/2026\/03\/BollerwagenoCarritodebebe-1-150x150.png",150,150,true],"medium":["https:\/\/bollerwagen.es\/wp-content\/uploads\/2026\/03\/BollerwagenoCarritodebebe-1-300x200.png",300,200,true],"medium_large":["https:\/\/bollerwagen.es\/wp-content\/uploads\/2026\/03\/BollerwagenoCarritodebebe-1-768x512.png",768,512,true],"large":["https:\/\/bollerwagen.es\/wp-content\/uploads\/2026\/03\/BollerwagenoCarritodebebe-1-1024x683.png",1024,683,true],"1536x1536":["https:\/\/bollerwagen.es\/wp-content\/uploads\/2026\/03\/BollerwagenoCarritodebebe-1.png",1536,1024,false],"2048x2048":["https:\/\/bollerwagen.es\/wp-content\/uploads\/2026\/03\/BollerwagenoCarritodebebe-1.png",1536,1024,false]},"uagb_author_info":{"display_name":"admin","author_link":"https:\/\/bollerwagen.es\/index.php\/author\/bollerwagenes2026\/"},"uagb_comment_info":1,"uagb_excerpt":"Cuando una familia empieza a salir m\u00e1s, a moverse m\u00e1s y a hacer planes m\u00e1s largos con ni\u00f1os, llega un momento bastante evidente: parece que cada salida implica llevar media casa encima.","_links":{"self":[{"href":"https:\/\/bollerwagen.es\/index.php\/wp-json\/wp\/v2\/posts\/1","targetHints":{"allow":["GET"]}}],"collection":[{"href":"https:\/\/bollerwagen.es\/index.php\/wp-json\/wp\/v2\/posts"}],"about":[{"href":"https:\/\/bollerwagen.es\/index.php\/wp-json\/wp\/v2\/types\/post"}],"author":[{"embeddable":true,"href":"https:\/\/bollerwagen.es\/index.php\/wp-json\/wp\/v2\/users\/1"}],"replies":[{"embeddable":true,"href":"https:\/\/bollerwagen.es\/index.php\/wp-json\/wp\/v2\/comments?post=1"}],"version-history":[{"count":3,"href":"https:\/\/bollerwagen.es\/index.php\/wp-json\/wp\/v2\/posts\/1\/revisions"}],"predecessor-version":[{"id":101,"href":"https:\/\/bollerwagen.es\/index.php\/wp-json\/wp\/v2\/posts\/1\/revisions\/101"}],"wp:featuredmedia":[{"embeddable":true,"href":"https:\/\/bollerwagen.es\/index.php\/wp-json\/wp\/v2\/media\/98"}],"wp:attachment":[{"href":"https:\/\/bollerwagen.es\/index.php\/wp-json\/wp\/v2\/media?parent=1"}],"wp:term":[{"taxonomy":"category","embeddable":true,"href":"https:\/\/bollerwagen.es\/index.php\/wp-json\/wp\/v2\/categories?post=1"},{"taxonomy":"post_tag","embeddable":true,"href":"https:\/\/bollerwagen.es\/index.php\/wp-json\/wp\/v2\/tags?post=1"}],"curies":[{"name":"wp","href":"https:\/\/api.w.org\/{rel}","templated":true}]}}