{"id":90,"date":"2026-04-01T11:12:25","date_gmt":"2026-04-01T11:12:25","guid":{"rendered":"https:\/\/39928931.servicio-online.net\/bollerwagen26\/?p=90"},"modified":"2026-04-01T12:31:34","modified_gmt":"2026-04-01T12:31:34","slug":"como-elegir-un-carrito-plegable-para-familias-activas","status":"publish","type":"post","link":"https:\/\/bollerwagen.es\/index.php\/2026\/04\/01\/como-elegir-un-carrito-plegable-para-familias-activas\/","title":{"rendered":"C\u00f3mo elegir un carrito plegable para familias activas"},"content":{"rendered":"\n<p class=\"wp-block-paragraph\">Hay compras que parecen muy simples hasta que empiezas a mirar de verdad.<\/p>\n\n\n\n<p class=\"wp-block-paragraph\">Un carrito plegable familiar es una de ellas.<\/p>\n\n\n\n<p class=\"wp-block-paragraph\">A primera vista, muchos parecen parecidos: ruedas, estructura, plegado, tela, capacidad. Pero en cuanto te pones a comparar, te das cuenta de que <strong>no todos sirven para lo mismo ni para el mismo tipo de familia<\/strong>.<\/p>\n\n\n\n<p class=\"wp-block-paragraph\">Y ah\u00ed es donde conviene parar un momento.<\/p>\n\n\n\n<p class=\"wp-block-paragraph\">Porque elegir bien un carrito plegable no va tanto de buscar \u201cel mejor\u201d en abstracto, sino de encontrar <strong>el que mejor encaja con vuestra forma real de moveros<\/strong>.<\/p>\n\n\n\n<hr class=\"wp-block-separator has-alpha-channel-opacity\"\/>\n\n\n\n<h2 class=\"wp-block-heading\">Respuesta r\u00e1pida<\/h2>\n\n\n\n<p class=\"wp-block-paragraph\">Si quieres acertar al elegir un carrito plegable familiar, lo m\u00e1s importante es fijarte en estas cosas:<\/p>\n\n\n\n<ul class=\"wp-block-list\">\n<li><strong>para qu\u00e9 lo vais a usar realmente<\/strong><\/li>\n\n\n\n<li><strong>qu\u00e9 terreno vais a pisar m\u00e1s<\/strong><\/li>\n\n\n\n<li><strong>cu\u00e1nto peso y cu\u00e1ntas cosas vais a llevar<\/strong><\/li>\n\n\n\n<li><strong>si tambi\u00e9n quer\u00e9is llevar a los peques c\u00f3modos dentro<\/strong><\/li>\n\n\n\n<li><strong>c\u00f3mo de f\u00e1cil se pliega y se guarda<\/strong><\/li>\n\n\n\n<li><strong>si os compensa m\u00e1s un modelo ligero o uno m\u00e1s robusto<\/strong><\/li>\n<\/ul>\n\n\n\n<p class=\"wp-block-paragraph\">Todo lo dem\u00e1s \u2014marca, accesorios, est\u00e9tica o extras\u2014 viene despu\u00e9s.<\/p>\n\n\n\n<hr class=\"wp-block-separator has-alpha-channel-opacity\"\/>\n\n\n\n<h2 class=\"wp-block-heading\">Antes de mirar marcas: piensa en c\u00f3mo os mov\u00e9is de verdad<\/h2>\n\n\n\n<p class=\"wp-block-paragraph\">Este es probablemente el punto m\u00e1s importante de todos.<\/p>\n\n\n\n<p class=\"wp-block-paragraph\">Mucha gente empieza comparando modelos antes de hacerse la pregunta m\u00e1s \u00fatil:<\/p>\n\n\n\n<h2 class=\"wp-block-heading\">\u00bfQu\u00e9 tipo de d\u00edas queremos hacer con este carrito?<\/h2>\n\n\n\n<p class=\"wp-block-paragraph\">Porque no es lo mismo buscar algo para:<\/p>\n\n\n\n<ul class=\"wp-block-list\">\n<li>ir al parque y volver<\/li>\n\n\n\n<li>pasar el d\u00eda en la playa<\/li>\n\n\n\n<li>ir de camping<\/li>\n\n\n\n<li>viajar en tren<\/li>\n\n\n\n<li>moverse por ciudad<\/li>\n\n\n\n<li>hacer escapadas largas<\/li>\n\n\n\n<li>llevar a dos ni\u00f1os y muchas cosas<\/li>\n\n\n\n<li>usarlo m\u00e1s como apoyo de carga que como asiento<\/li>\n<\/ul>\n\n\n\n<p class=\"wp-block-paragraph\">Cuanto m\u00e1s claro tengas el uso real, m\u00e1s f\u00e1cil ser\u00e1 no equivocarte.<\/p>\n\n\n\n<p class=\"wp-block-paragraph\">Porque el carrito perfecto no existe.<\/p>\n\n\n\n<p class=\"wp-block-paragraph\">Lo que s\u00ed existe es <strong>el carrito que mejor encaja con vuestra vida real<\/strong>.<\/p>\n\n\n\n<hr class=\"wp-block-separator has-alpha-channel-opacity\"\/>\n\n\n\n<h2 class=\"wp-block-heading\">1. Piensa primero en el terreno<\/h2>\n\n\n\n<p class=\"wp-block-paragraph\">No todos los carritos plegables funcionan igual de bien en todos los sitios.<\/p>\n\n\n\n<p class=\"wp-block-paragraph\">Y aqu\u00ed muchas veces se comete uno de los errores m\u00e1s t\u00edpicos: elegir un modelo bonito o compacto sin pensar por d\u00f3nde va a rodar de verdad.<\/p>\n\n\n\n<h3 class=\"wp-block-heading\">Si lo vais a usar sobre todo en ciudad o paseos urbanos<\/h3>\n\n\n\n<p class=\"wp-block-paragraph\">Puedes priorizar:<\/p>\n\n\n\n<ul class=\"wp-block-list\">\n<li>plegado f\u00e1cil<\/li>\n\n\n\n<li>ligereza<\/li>\n\n\n\n<li>maniobrabilidad<\/li>\n\n\n\n<li>tama\u00f1o m\u00e1s contenido<\/li>\n<\/ul>\n\n\n\n<h3 class=\"wp-block-heading\">Si lo vais a usar para playa, caminos o camping<\/h3>\n\n\n\n<p class=\"wp-block-paragraph\">Conviene priorizar:<\/p>\n\n\n\n<ul class=\"wp-block-list\">\n<li>ruedas m\u00e1s grandes<\/li>\n\n\n\n<li>estructura m\u00e1s s\u00f3lida<\/li>\n\n\n\n<li>mejor estabilidad<\/li>\n\n\n\n<li>materiales resistentes<\/li>\n<\/ul>\n\n\n\n<h3 class=\"wp-block-heading\">Si quer\u00e9is un uso mixto<\/h3>\n\n\n\n<p class=\"wp-block-paragraph\">Lo ideal suele ser un punto intermedio: un modelo suficientemente robusto, pero que no se vuelva un trasto dif\u00edcil de mover o guardar.<\/p>\n\n\n\n<hr class=\"wp-block-separator has-alpha-channel-opacity\"\/>\n\n\n\n<h2 class=\"wp-block-heading\">2. No subestimes la capacidad de carga<\/h2>\n\n\n\n<p class=\"wp-block-paragraph\">Esto parece obvio, pero no siempre se mira bien.<\/p>\n\n\n\n<p class=\"wp-block-paragraph\">Cuando hablamos de un carrito plegable familiar, la pregunta no es solo:<\/p>\n\n\n\n<blockquote class=\"wp-block-quote is-layout-flow wp-block-quote-is-layout-flow\">\n<p class=\"wp-block-paragraph\">\u201c\u00bfcu\u00e1ntos kilos aguanta?\u201d<\/p>\n<\/blockquote>\n\n\n\n<p class=\"wp-block-paragraph\">La pregunta real es:<\/p>\n\n\n\n<h2 class=\"wp-block-heading\">\u00bfqu\u00e9 vais a querer meter dentro en un d\u00eda normal?<\/h2>\n\n\n\n<p class=\"wp-block-paragraph\">Porque una cosa es salir con:<\/p>\n\n\n\n<ul class=\"wp-block-list\">\n<li>una mochila<\/li>\n\n\n\n<li>una botella de agua<\/li>\n\n\n\n<li>un par de cosas<\/li>\n<\/ul>\n\n\n\n<p class=\"wp-block-paragraph\">Y otra muy distinta es salir con:<\/p>\n\n\n\n<ul class=\"wp-block-list\">\n<li>toallas<\/li>\n\n\n\n<li>comida<\/li>\n\n\n\n<li>juguetes<\/li>\n\n\n\n<li>ropa<\/li>\n\n\n\n<li>ni\u00f1os<\/li>\n\n\n\n<li>bolsas<\/li>\n\n\n\n<li>sombrilla<\/li>\n\n\n\n<li>media log\u00edstica familiar<\/li>\n<\/ul>\n\n\n\n<p class=\"wp-block-paragraph\">Cuanto m\u00e1s realista seas con esto, mejor elegir\u00e1s.<\/p>\n\n\n\n<p class=\"wp-block-paragraph\">Y aqu\u00ed suele compensar m\u00e1s un modelo con <strong>buena base, estabilidad y volumen \u00fatil real<\/strong>, no solo una cifra bonita en la ficha t\u00e9cnica.<\/p>\n\n\n\n<hr class=\"wp-block-separator has-alpha-channel-opacity\"\/>\n\n\n\n<h2 class=\"wp-block-heading\">3. Si tambi\u00e9n vais a llevar a los ni\u00f1os dentro, esto importa mucho<\/h2>\n\n\n\n<p class=\"wp-block-paragraph\">Este punto es clave, y a veces se explica poco.<\/p>\n\n\n\n<p class=\"wp-block-paragraph\">Porque muchas familias no buscan solo un carro para llevar cosas, sino un espacio donde tambi\u00e9n puedan ir los peques de forma c\u00f3moda y segura.<\/p>\n\n\n\n<p class=\"wp-block-paragraph\">Y ah\u00ed no todos los modelos ofrecen la misma experiencia.<\/p>\n\n\n\n<p class=\"wp-block-paragraph\">En la pr\u00e1ctica, un bollerwagen puede empezar a tener sentido <strong>desde el momento en que el peque ya se sienta de forma segura e independiente<\/strong>, aproximadamente desde el a\u00f1o de edad, siempre seg\u00fan el desarrollo y el contexto de uso.<\/p>\n\n\n\n<p class=\"wp-block-paragraph\">Y eso abre algo muy interesante:<\/p>\n\n\n\n<h2 class=\"wp-block-heading\">el carrito no solo transporta. Tambi\u00e9n se convierte en un peque\u00f1o espacio propio.<\/h2>\n\n\n\n<p class=\"wp-block-paragraph\">Un buen carrito plegable familiar deber\u00eda permitir que el peque pueda ir:<\/p>\n\n\n\n<ul class=\"wp-block-list\">\n<li>sentado con comodidad<\/li>\n\n\n\n<li>recostado<\/li>\n\n\n\n<li>tumbado si se duerme<\/li>\n\n\n\n<li>acompa\u00f1ado de mantas, libros o juguetes<\/li>\n\n\n\n<li>compartiendo espacio con otra hermana o hermano<\/li>\n<\/ul>\n\n\n\n<p class=\"wp-block-paragraph\">Ese detalle cambia much\u00edsimo la experiencia.<\/p>\n\n\n\n<p class=\"wp-block-paragraph\">Porque cuando un ni\u00f1o se siente c\u00f3modo dentro, el carrito deja de ser solo un medio de transporte y se convierte en un lugar donde puede <strong>descansar, observar, jugar o simplemente estar<\/strong>.<\/p>\n\n\n\n<hr class=\"wp-block-separator has-alpha-channel-opacity\"\/>\n\n\n\n<h2 class=\"wp-block-heading\">4. La libertad de movimiento tambi\u00e9n cuenta<\/h2>\n\n\n\n<p class=\"wp-block-paragraph\">Una de las cosas que m\u00e1s valoran muchas familias en un bollerwagen es que el peque no siente que va \u201cencajado\u201d o excesivamente restringido.<\/p>\n\n\n\n<p class=\"wp-block-paragraph\">Al ir dentro de un espacio amplio, protegido y estable, muchos ni\u00f1os viajan mucho m\u00e1s relajados que en otros formatos m\u00e1s cerrados o r\u00edgidos.<\/p>\n\n\n\n<p class=\"wp-block-paragraph\">Eso les permite:<\/p>\n\n\n\n<ul class=\"wp-block-list\">\n<li>cambiar de postura<\/li>\n\n\n\n<li>coger un juguete<\/li>\n\n\n\n<li>tumbarse<\/li>\n\n\n\n<li>mirar un cuento<\/li>\n\n\n\n<li>acomodarse a su manera<\/li>\n<\/ul>\n\n\n\n<p class=\"wp-block-paragraph\">Y eso, cuando haces salidas largas, se nota much\u00edsimo.<\/p>\n\n\n\n<p class=\"wp-block-paragraph\">No solo por comodidad, sino porque el ni\u00f1o lo vive mejor.<\/p>\n\n\n\n<p class=\"wp-block-paragraph\">Y cuando el ni\u00f1o lo vive mejor, <strong>todo el d\u00eda fluye mejor<\/strong>.<\/p>\n\n\n\n<hr class=\"wp-block-separator has-alpha-channel-opacity\"\/>\n\n\n\n<h2 class=\"wp-block-heading\">5. Si tienes dos hijos, piensa en eso desde el principio<\/h2>\n\n\n\n<p class=\"wp-block-paragraph\">Este es uno de los motivos por los que tantas familias acaban enamor\u00e1ndose de un buen bollerwagen.<\/p>\n\n\n\n<p class=\"wp-block-paragraph\">Porque cuando hay hermanos de distintas edades, la necesidad cambia por completo.<\/p>\n\n\n\n<p class=\"wp-block-paragraph\">Un carrito tradicional suele estar pensado para una etapa muy concreta y para una configuraci\u00f3n bastante r\u00edgida.<\/p>\n\n\n\n<p class=\"wp-block-paragraph\">En cambio, un carrito plegable tipo bollerwagen permite algo mucho m\u00e1s flexible:<\/p>\n\n\n\n<ul class=\"wp-block-list\">\n<li>un peque puede ir sentado o tumbado<\/li>\n\n\n\n<li>mientras un hermano o hermana mayor puede subir cuando se cansa<\/li>\n\n\n\n<li>o compartir trayecto durante una parte del paseo<\/li>\n<\/ul>\n\n\n\n<p class=\"wp-block-paragraph\">Y eso, en la pr\u00e1ctica, vale much\u00edsimo.<\/p>\n\n\n\n<p class=\"wp-block-paragraph\">Nosotros mismos lo vivimos as\u00ed.<\/p>\n\n\n\n<p class=\"wp-block-paragraph\"><strong>Cuando la peque\u00f1a ten\u00eda alrededor de un a\u00f1o y la mayor cinco, el \u00fanico carro con el que sal\u00edamos era el bollerwagen.<\/strong><\/p>\n\n\n\n<p class=\"wp-block-paragraph\">No porque sustituyera todo lo dem\u00e1s por obligaci\u00f3n, sino porque era el \u00fanico que realmente se adaptaba a c\u00f3mo nos mov\u00edamos como familia.<\/p>\n\n\n\n<p class=\"wp-block-paragraph\">Las dos pod\u00edan ir juntas, descansar, entrar y salir con libertad y compartir el trayecto sin que todo se volviera r\u00edgido o complicado.<\/p>\n\n\n\n<p class=\"wp-block-paragraph\">Ese tipo de uso real conviene tenerlo en cuenta antes de comprar.<\/p>\n\n\n\n<p class=\"wp-block-paragraph\">Porque no es un detalle menor.<br>Es muchas veces <strong>la diferencia entre acertar o equivocarte<\/strong>.<\/p>\n\n\n\n<hr class=\"wp-block-separator has-alpha-channel-opacity\"\/>\n\n\n\n<h2 class=\"wp-block-heading\">6. El plegado importa m\u00e1s de lo que parece<\/h2>\n\n\n\n<p class=\"wp-block-paragraph\">Un carrito plegable puede ser maravilloso\u2026 hasta que toca meterlo en el maletero, subirlo a casa o abrirlo y cerrarlo varias veces por semana.<\/p>\n\n\n\n<p class=\"wp-block-paragraph\">Por eso conviene fijarse en cosas muy concretas:<\/p>\n\n\n\n<ul class=\"wp-block-list\">\n<li>si se pliega en un solo gesto o no<\/li>\n\n\n\n<li>cu\u00e1nto ocupa cerrado<\/li>\n\n\n\n<li>cu\u00e1nto pesa<\/li>\n\n\n\n<li>si es c\u00f3modo de manipular<\/li>\n\n\n\n<li>si realmente cabe donde necesitas guardarlo<\/li>\n<\/ul>\n\n\n\n<p class=\"wp-block-paragraph\">Porque un carrito que sobre el papel \u201clo tiene todo\u201d, pero luego da pereza usar, acaba saliendo mucho menos de casa.<\/p>\n\n\n\n<p class=\"wp-block-paragraph\">Y eso, al final, es justo lo que no quieres.<\/p>\n\n\n\n<hr class=\"wp-block-separator has-alpha-channel-opacity\"\/>\n\n\n\n<h2 class=\"wp-block-heading\">7. No todo el mundo necesita el modelo m\u00e1s grande<\/h2>\n\n\n\n<p class=\"wp-block-paragraph\">A veces, al buscar un carrito familiar, parece que cuanto m\u00e1s grande y robusto, mejor.<\/p>\n\n\n\n<p class=\"wp-block-paragraph\">Pero no siempre.<\/p>\n\n\n\n<p class=\"wp-block-paragraph\">Hay familias que necesitan un carro amplio y muy resistente, s\u00ed.<br>Pero tambi\u00e9n hay muchas otras para las que un modelo demasiado grande acaba siendo:<\/p>\n\n\n\n<ul class=\"wp-block-list\">\n<li>inc\u00f3modo<\/li>\n\n\n\n<li>dif\u00edcil de guardar<\/li>\n\n\n\n<li>pesado<\/li>\n\n\n\n<li>innecesario<\/li>\n<\/ul>\n\n\n\n<p class=\"wp-block-paragraph\">Aqu\u00ed conviene ser bastante honesto con vuestro uso.<\/p>\n\n\n\n<h3 class=\"wp-block-heading\">Si normalmente hac\u00e9is:<\/h3>\n\n\n\n<ul class=\"wp-block-list\">\n<li>ciudad<\/li>\n\n\n\n<li>escapadas ligeras<\/li>\n\n\n\n<li>parque<\/li>\n\n\n\n<li>paseos cortos<\/li>\n\n\n\n<li>poco equipaje<\/li>\n<\/ul>\n\n\n\n<p class=\"wp-block-paragraph\">quiz\u00e1 os compense algo m\u00e1s ligero y manejable.<\/p>\n\n\n\n<h3 class=\"wp-block-heading\">Si hac\u00e9is mucho:<\/h3>\n\n\n\n<ul class=\"wp-block-list\">\n<li>playa<\/li>\n\n\n\n<li>camping<\/li>\n\n\n\n<li>d\u00edas largos fuera<\/li>\n\n\n\n<li>dos ni\u00f1os + carga<\/li>\n\n\n\n<li>terreno irregular<\/li>\n<\/ul>\n\n\n\n<p class=\"wp-block-paragraph\">entonces s\u00ed suele tener m\u00e1s sentido ir a algo m\u00e1s s\u00f3lido.<\/p>\n\n\n\n<hr class=\"wp-block-separator has-alpha-channel-opacity\"\/>\n\n\n\n<h2 class=\"wp-block-heading\">8. Los accesorios importan\u2026 pero menos de lo que parece<\/h2>\n\n\n\n<p class=\"wp-block-paragraph\">Los accesorios pueden ser muy \u00fatiles.<br>Pero conviene no elegir un carrito solo porque tenga muchos extras.<\/p>\n\n\n\n<p class=\"wp-block-paragraph\">Lo primero es que la base funcione bien.<\/p>\n\n\n\n<p class=\"wp-block-paragraph\">Despu\u00e9s ya puedes valorar si te interesa a\u00f1adir cosas como:<\/p>\n\n\n\n<ul class=\"wp-block-list\">\n<li>capota<\/li>\n\n\n\n<li>funda de lluvia<\/li>\n\n\n\n<li>colchoneta<\/li>\n\n\n\n<li>portavasos<\/li>\n\n\n\n<li>bolsa trasera<\/li>\n\n\n\n<li>cinturones<\/li>\n\n\n\n<li>mesa o adaptadores seg\u00fan modelo<\/li>\n<\/ul>\n\n\n\n<p class=\"wp-block-paragraph\">La clave es no comprar accesorios para compensar un carrito que, en realidad, no encaja bien contigo desde el principio.<\/p>\n\n\n\n<hr class=\"wp-block-separator has-alpha-channel-opacity\"\/>\n\n\n\n<h2 class=\"wp-block-heading\">9. Piensa tambi\u00e9n en el \u201cdespu\u00e9s\u201d<\/h2>\n\n\n\n<p class=\"wp-block-paragraph\">Una de las ventajas m\u00e1s interesantes de un buen carrito plegable tipo bollerwagen es que puede seguir siendo \u00fatil incluso cuando cambia la etapa de los ni\u00f1os.<\/p>\n\n\n\n<p class=\"wp-block-paragraph\">Eso significa que no solo sirve para una edad concreta, sino tambi\u00e9n para:<\/p>\n\n\n\n<ul class=\"wp-block-list\">\n<li>excursiones<\/li>\n\n\n\n<li>playa<\/li>\n\n\n\n<li>camping<\/li>\n\n\n\n<li>festivales<\/li>\n\n\n\n<li>picnics<\/li>\n\n\n\n<li>transporte de carga familiar<\/li>\n<\/ul>\n\n\n\n<p class=\"wp-block-paragraph\">Y esa es una de las razones por las que muchas familias lo consideran una compra m\u00e1s transversal y duradera que otros formatos m\u00e1s limitados.<\/p>\n\n\n\n<hr class=\"wp-block-separator has-alpha-channel-opacity\"\/>\n\n\n\n<h2 class=\"wp-block-heading\">Entonces, \u00bfc\u00f3mo elegir bien?<\/h2>\n\n\n\n<p class=\"wp-block-paragraph\">Si tuvi\u00e9ramos que resumirlo mucho, dir\u00edamos esto:<\/p>\n\n\n\n<h2 class=\"wp-block-heading\">El mejor carrito plegable no es el m\u00e1s caro, ni el m\u00e1s famoso, ni el m\u00e1s equipado.<\/h2>\n\n\n\n<h2 class=\"wp-block-heading\">Es el que mejor encaja con vuestra vida real.<\/h2>\n\n\n\n<p class=\"wp-block-paragraph\">Eso significa elegir pensando en:<\/p>\n\n\n\n<ul class=\"wp-block-list\">\n<li>c\u00f3mo os mov\u00e9is<\/li>\n\n\n\n<li>cu\u00e1nto carg\u00e1is<\/li>\n\n\n\n<li>por d\u00f3nde vais<\/li>\n\n\n\n<li>qu\u00e9 tipo de d\u00edas hac\u00e9is<\/li>\n\n\n\n<li>si quer\u00e9is que tambi\u00e9n sea un espacio c\u00f3modo para los ni\u00f1os<\/li>\n\n\n\n<li>cu\u00e1nto quer\u00e9is complicaros<\/li>\n<\/ul>\n\n\n\n<p class=\"wp-block-paragraph\">Y esa forma de elegir suele llevar a mejores decisiones que dejarse llevar solo por la est\u00e9tica o la marca.<\/p>\n\n\n\n<hr class=\"wp-block-separator has-alpha-channel-opacity\"\/>\n\n\n\n<h2 class=\"wp-block-heading\">Conclusi\u00f3n<\/h2>\n\n\n\n<p class=\"wp-block-paragraph\">Elegir un carrito plegable para una familia activa no va de comprar \u201cel m\u00e1s completo\u201d, sino de comprar <strong>el m\u00e1s adecuado<\/strong>.<\/p>\n\n\n\n<p class=\"wp-block-paragraph\">Uno que os d\u00e9 ganas de usarlo.<br>Uno que os haga la vida m\u00e1s f\u00e1cil.<br>Uno que no se convierta en otro objeto aparcado en casa.<\/p>\n\n\n\n<p class=\"wp-block-paragraph\">Porque cuando un carrito encaja de verdad, no solo transporta cosas.<\/p>\n\n\n\n<p class=\"wp-block-paragraph\">Tambi\u00e9n hace que salir resulte un poco m\u00e1s simple, m\u00e1s c\u00f3modo y m\u00e1s espont\u00e1neo.<\/p>\n\n\n\n<p class=\"wp-block-paragraph\">Y eso, en el d\u00eda a d\u00eda, vale bastante.<\/p>\n\n\n\n<hr class=\"wp-block-separator has-alpha-channel-opacity\"\/>\n\n\n\n<h2 class=\"wp-block-heading\">Preguntas frecuentes<\/h2>\n\n\n\n<h3 class=\"wp-block-heading\">\u00bfQu\u00e9 hay que mirar al comprar un carrito plegable?<\/h3>\n\n\n\n<p class=\"wp-block-paragraph\">Principalmente el uso real, el terreno, la capacidad de carga, el tama\u00f1o plegado, la facilidad de manejo y si tambi\u00e9n quieres llevar a los ni\u00f1os c\u00f3modos dentro.<\/p>\n\n\n\n<h3 class=\"wp-block-heading\">\u00bfQu\u00e9 carrito plegable es mejor para playa o camping?<\/h3>\n\n\n\n<p class=\"wp-block-paragraph\">Normalmente uno con ruedas m\u00e1s grandes, buena estabilidad y estructura resistente.<\/p>\n\n\n\n<h3 class=\"wp-block-heading\">\u00bfDesde qu\u00e9 edad puede usarse un carrito plegable tipo bollerwagen?<\/h3>\n\n\n\n<p class=\"wp-block-paragraph\">En muchos casos, desde que el peque se sienta de forma segura e independiente, aproximadamente alrededor del a\u00f1o de edad, siempre seg\u00fan el desarrollo y el contexto.<\/p>\n\n\n\n<h3 class=\"wp-block-heading\">\u00bfSirve un carrito plegable para dos ni\u00f1os?<\/h3>\n\n\n\n<p class=\"wp-block-paragraph\">S\u00ed, y de hecho muchas familias lo eligen precisamente porque permite llevar juntos a ni\u00f1os de distintas edades de forma m\u00e1s flexible.<\/p>\n\n\n\n<h3 class=\"wp-block-heading\">\u00bfQu\u00e9 es mejor: un carrito ligero o uno robusto?<\/h3>\n\n\n\n<p class=\"wp-block-paragraph\">Depende del uso. Si te mueves mucho en ciudad, puede compensar uno ligero. Si haces playa, camping o d\u00edas largos, suele compensar m\u00e1s uno robusto.<\/p>\n\n\n\n<hr class=\"wp-block-separator has-alpha-channel-opacity\"\/>\n\n\n\n<h2 class=\"wp-block-heading\">Te puede interesar tambi\u00e9n<\/h2>\n\n\n\n<ul class=\"wp-block-list\">\n<li><strong>\u00bfPor qu\u00e9 comprar un bollerwagen y no un carrito de beb\u00e9?<\/strong><\/li>\n\n\n\n<li><strong>Fuxtec, Pinolino, Eckla o Ulfbo: \u00bfqu\u00e9 marca encaja mejor contigo?<\/strong><\/li>\n\n\n\n<li><strong>Qu\u00e9 tener en cuenta antes de comprar un bollerwagen para playa o camping<\/strong><\/li>\n\n\n\n<li><strong>Los accesorios que de verdad hacen m\u00e1s pr\u00e1ctico un bollerwagen<\/strong><\/li>\n<\/ul>\n","protected":false},"excerpt":{"rendered":"<p>Hay compras que parecen muy simples hasta que empiezas a mirar de verdad. Un carrito plegable familiar es una de [&hellip;]<\/p>\n","protected":false},"author":1,"featured_media":103,"comment_status":"open","ping_status":"open","sticky":false,"template":"","format":"standard","meta":{"_uag_custom_page_level_css":"","site-sidebar-layout":"default","site-content-layout":"","ast-site-content-layout":"default","site-content-style":"default","site-sidebar-style":"default","ast-global-header-display":"","ast-banner-title-visibility":"","ast-main-header-display":"","ast-hfb-above-header-display":"","ast-hfb-below-header-display":"","ast-hfb-mobile-header-display":"","site-post-title":"","ast-breadcrumbs-content":"","ast-featured-img":"","footer-sml-layout":"","ast-disable-related-posts":"","theme-transparent-header-meta":"","adv-header-id-meta":"","stick-header-meta":"","header-above-stick-meta":"","header-main-stick-meta":"","header-below-stick-meta":"","astra-migrate-meta-layouts":"default","ast-page-background-enabled":"default","ast-page-background-meta":{"desktop":{"background-color":"var(--ast-global-color-5)","background-image":"","background-repeat":"repeat","background-position":"center center","background-size":"auto","background-attachment":"scroll","background-type":"","background-media":"","overlay-type":"","overlay-color":"","overlay-opacity":"","overlay-gradient":""},"tablet":{"background-color":"","background-image":"","background-repeat":"repeat","background-position":"center center","background-size":"auto","background-attachment":"scroll","background-type":"","background-media":"","overlay-type":"","overlay-color":"","overlay-opacity":"","overlay-gradient":""},"mobile":{"background-color":"","background-image":"","background-repeat":"repeat","background-position":"center center","background-size":"auto","background-attachment":"scroll","background-type":"","background-media":"","overlay-type":"","overlay-color":"","overlay-opacity":"","overlay-gradient":""}},"ast-content-background-meta":{"desktop":{"background-color":"var(--ast-global-color-4)","background-image":"","background-repeat":"repeat","background-position":"center center","background-size":"auto","background-attachment":"scroll","background-type":"","background-media":"","overlay-type":"","overlay-color":"","overlay-opacity":"","overlay-gradient":""},"tablet":{"background-color":"var(--ast-global-color-4)","background-image":"","background-repeat":"repeat","background-position":"center center","background-size":"auto","background-attachment":"scroll","background-type":"","background-media":"","overlay-type":"","overlay-color":"","overlay-opacity":"","overlay-gradient":""},"mobile":{"background-color":"var(--ast-global-color-4)","background-image":"","background-repeat":"repeat","background-position":"center center","background-size":"auto","background-attachment":"scroll","background-type":"","background-media":"","overlay-type":"","overlay-color":"","overlay-opacity":"","overlay-gradient":""}},"footnotes":""},"categories":[1],"tags":[],"class_list":["post-90","post","type-post","status-publish","format-standard","has-post-thumbnail","hentry","category-uncategorized"],"yoast_head":"<!-- This site is optimized with the Yoast SEO plugin v27.2 - https:\/\/yoast.com\/product\/yoast-seo-wordpress\/ -->\n<title>C\u00f3mo elegir un carrito plegable para familias activas - Bollerwagen.es<\/title>\n<meta name=\"robots\" content=\"noindex, follow, max-snippet:-1, max-image-preview:large, max-video-preview:-1\" \/>\n<meta property=\"og:locale\" content=\"es_ES\" \/>\n<meta property=\"og:type\" content=\"article\" \/>\n<meta property=\"og:title\" content=\"C\u00f3mo elegir un carrito plegable para familias activas - Bollerwagen.es\" \/>\n<meta property=\"og:description\" content=\"Hay compras que parecen muy simples hasta que empiezas a mirar de verdad. Un carrito plegable familiar es una de [&hellip;]\" \/>\n<meta property=\"og:url\" content=\"https:\/\/bollerwagen.es\/index.php\/2026\/04\/01\/como-elegir-un-carrito-plegable-para-familias-activas\/\" \/>\n<meta property=\"og:site_name\" content=\"Bollerwagen.es\" \/>\n<meta property=\"article:published_time\" content=\"2026-04-01T11:12:25+00:00\" \/>\n<meta property=\"article:modified_time\" content=\"2026-04-01T12:31:34+00:00\" \/>\n<meta property=\"og:image\" content=\"https:\/\/bollerwagen.es\/wp-content\/uploads\/2026\/04\/IMG_E5716-scaled-e1775046682743.jpg\" \/>\n\t<meta property=\"og:image:width\" content=\"2035\" \/>\n\t<meta property=\"og:image:height\" content=\"1143\" \/>\n\t<meta property=\"og:image:type\" content=\"image\/jpeg\" \/>\n<meta name=\"author\" content=\"admin\" \/>\n<meta name=\"twitter:card\" content=\"summary_large_image\" \/>\n<meta name=\"twitter:label1\" content=\"Escrito por\" \/>\n\t<meta name=\"twitter:data1\" content=\"admin\" \/>\n\t<meta name=\"twitter:label2\" content=\"Tiempo de lectura\" \/>\n\t<meta name=\"twitter:data2\" content=\"9 minutos\" \/>\n<script type=\"application\/ld+json\" class=\"yoast-schema-graph\">{\"@context\":\"https:\/\/schema.org\",\"@graph\":[{\"@type\":\"Article\",\"@id\":\"https:\/\/bollerwagen.es\/index.php\/2026\/04\/01\/como-elegir-un-carrito-plegable-para-familias-activas\/#article\",\"isPartOf\":{\"@id\":\"https:\/\/bollerwagen.es\/index.php\/2026\/04\/01\/como-elegir-un-carrito-plegable-para-familias-activas\/\"},\"author\":{\"name\":\"admin\",\"@id\":\"https:\/\/bollerwagen.es\/#\/schema\/person\/947ed12be0087622e5a392594b4f0642\"},\"headline\":\"C\u00f3mo elegir un carrito plegable para familias activas\",\"datePublished\":\"2026-04-01T11:12:25+00:00\",\"dateModified\":\"2026-04-01T12:31:34+00:00\",\"mainEntityOfPage\":{\"@id\":\"https:\/\/bollerwagen.es\/index.php\/2026\/04\/01\/como-elegir-un-carrito-plegable-para-familias-activas\/\"},\"wordCount\":1915,\"commentCount\":0,\"image\":{\"@id\":\"https:\/\/bollerwagen.es\/index.php\/2026\/04\/01\/como-elegir-un-carrito-plegable-para-familias-activas\/#primaryimage\"},\"thumbnailUrl\":\"https:\/\/bollerwagen.es\/wp-content\/uploads\/2026\/04\/IMG_E5716-scaled-e1775046682743.jpg\",\"articleSection\":[\"Uncategorized\"],\"inLanguage\":\"es\",\"potentialAction\":[{\"@type\":\"CommentAction\",\"name\":\"Comment\",\"target\":[\"https:\/\/bollerwagen.es\/index.php\/2026\/04\/01\/como-elegir-un-carrito-plegable-para-familias-activas\/#respond\"]}]},{\"@type\":\"WebPage\",\"@id\":\"https:\/\/bollerwagen.es\/index.php\/2026\/04\/01\/como-elegir-un-carrito-plegable-para-familias-activas\/\",\"url\":\"https:\/\/bollerwagen.es\/index.php\/2026\/04\/01\/como-elegir-un-carrito-plegable-para-familias-activas\/\",\"name\":\"C\u00f3mo elegir un carrito plegable para familias activas - Bollerwagen.es\",\"isPartOf\":{\"@id\":\"https:\/\/bollerwagen.es\/#website\"},\"primaryImageOfPage\":{\"@id\":\"https:\/\/bollerwagen.es\/index.php\/2026\/04\/01\/como-elegir-un-carrito-plegable-para-familias-activas\/#primaryimage\"},\"image\":{\"@id\":\"https:\/\/bollerwagen.es\/index.php\/2026\/04\/01\/como-elegir-un-carrito-plegable-para-familias-activas\/#primaryimage\"},\"thumbnailUrl\":\"https:\/\/bollerwagen.es\/wp-content\/uploads\/2026\/04\/IMG_E5716-scaled-e1775046682743.jpg\",\"datePublished\":\"2026-04-01T11:12:25+00:00\",\"dateModified\":\"2026-04-01T12:31:34+00:00\",\"author\":{\"@id\":\"https:\/\/bollerwagen.es\/#\/schema\/person\/947ed12be0087622e5a392594b4f0642\"},\"breadcrumb\":{\"@id\":\"https:\/\/bollerwagen.es\/index.php\/2026\/04\/01\/como-elegir-un-carrito-plegable-para-familias-activas\/#breadcrumb\"},\"inLanguage\":\"es\",\"potentialAction\":[{\"@type\":\"ReadAction\",\"target\":[\"https:\/\/bollerwagen.es\/index.php\/2026\/04\/01\/como-elegir-un-carrito-plegable-para-familias-activas\/\"]}]},{\"@type\":\"ImageObject\",\"inLanguage\":\"es\",\"@id\":\"https:\/\/bollerwagen.es\/index.php\/2026\/04\/01\/como-elegir-un-carrito-plegable-para-familias-activas\/#primaryimage\",\"url\":\"https:\/\/bollerwagen.es\/wp-content\/uploads\/2026\/04\/IMG_E5716-scaled-e1775046682743.jpg\",\"contentUrl\":\"https:\/\/bollerwagen.es\/wp-content\/uploads\/2026\/04\/IMG_E5716-scaled-e1775046682743.jpg\",\"width\":2035,\"height\":1143},{\"@type\":\"BreadcrumbList\",\"@id\":\"https:\/\/bollerwagen.es\/index.php\/2026\/04\/01\/como-elegir-un-carrito-plegable-para-familias-activas\/#breadcrumb\",\"itemListElement\":[{\"@type\":\"ListItem\",\"position\":1,\"name\":\"Portada\",\"item\":\"https:\/\/bollerwagen.es\/\"},{\"@type\":\"ListItem\",\"position\":2,\"name\":\"C\u00f3mo elegir un carrito plegable para familias activas\"}]},{\"@type\":\"WebSite\",\"@id\":\"https:\/\/bollerwagen.es\/#website\",\"url\":\"https:\/\/bollerwagen.es\/\",\"name\":\"Bollerwagen.es\",\"description\":\"\",\"potentialAction\":[{\"@type\":\"SearchAction\",\"target\":{\"@type\":\"EntryPoint\",\"urlTemplate\":\"https:\/\/bollerwagen.es\/?s={search_term_string}\"},\"query-input\":{\"@type\":\"PropertyValueSpecification\",\"valueRequired\":true,\"valueName\":\"search_term_string\"}}],\"inLanguage\":\"es\"},{\"@type\":\"Person\",\"@id\":\"https:\/\/bollerwagen.es\/#\/schema\/person\/947ed12be0087622e5a392594b4f0642\",\"name\":\"admin\",\"image\":{\"@type\":\"ImageObject\",\"inLanguage\":\"es\",\"@id\":\"https:\/\/secure.gravatar.com\/avatar\/00cfcae198899260c8db0e0b8f9d4c40f23228a82e2c2b1a6c20fd0a2787aaf3?s=96&d=mm&r=g\",\"url\":\"https:\/\/secure.gravatar.com\/avatar\/00cfcae198899260c8db0e0b8f9d4c40f23228a82e2c2b1a6c20fd0a2787aaf3?s=96&d=mm&r=g\",\"contentUrl\":\"https:\/\/secure.gravatar.com\/avatar\/00cfcae198899260c8db0e0b8f9d4c40f23228a82e2c2b1a6c20fd0a2787aaf3?s=96&d=mm&r=g\",\"caption\":\"admin\"},\"sameAs\":[\"https:\/\/bollerwagen.es\"],\"url\":\"https:\/\/bollerwagen.es\/index.php\/author\/bollerwagenes2026\/\"}]}<\/script>\n<!-- \/ Yoast SEO plugin. -->","yoast_head_json":{"title":"C\u00f3mo elegir un carrito plegable para familias activas - Bollerwagen.es","robots":{"index":"noindex","follow":"follow","max-snippet":"max-snippet:-1","max-image-preview":"max-image-preview:large","max-video-preview":"max-video-preview:-1"},"og_locale":"es_ES","og_type":"article","og_title":"C\u00f3mo elegir un carrito plegable para familias activas - Bollerwagen.es","og_description":"Hay compras que parecen muy simples hasta que empiezas a mirar de verdad. Un carrito plegable familiar es una de [&hellip;]","og_url":"https:\/\/bollerwagen.es\/index.php\/2026\/04\/01\/como-elegir-un-carrito-plegable-para-familias-activas\/","og_site_name":"Bollerwagen.es","article_published_time":"2026-04-01T11:12:25+00:00","article_modified_time":"2026-04-01T12:31:34+00:00","og_image":[{"width":2035,"height":1143,"url":"https:\/\/bollerwagen.es\/wp-content\/uploads\/2026\/04\/IMG_E5716-scaled-e1775046682743.jpg","type":"image\/jpeg"}],"author":"admin","twitter_card":"summary_large_image","twitter_misc":{"Escrito por":"admin","Tiempo de lectura":"9 minutos"},"schema":{"@context":"https:\/\/schema.org","@graph":[{"@type":"Article","@id":"https:\/\/bollerwagen.es\/index.php\/2026\/04\/01\/como-elegir-un-carrito-plegable-para-familias-activas\/#article","isPartOf":{"@id":"https:\/\/bollerwagen.es\/index.php\/2026\/04\/01\/como-elegir-un-carrito-plegable-para-familias-activas\/"},"author":{"name":"admin","@id":"https:\/\/bollerwagen.es\/#\/schema\/person\/947ed12be0087622e5a392594b4f0642"},"headline":"C\u00f3mo elegir un carrito plegable para familias activas","datePublished":"2026-04-01T11:12:25+00:00","dateModified":"2026-04-01T12:31:34+00:00","mainEntityOfPage":{"@id":"https:\/\/bollerwagen.es\/index.php\/2026\/04\/01\/como-elegir-un-carrito-plegable-para-familias-activas\/"},"wordCount":1915,"commentCount":0,"image":{"@id":"https:\/\/bollerwagen.es\/index.php\/2026\/04\/01\/como-elegir-un-carrito-plegable-para-familias-activas\/#primaryimage"},"thumbnailUrl":"https:\/\/bollerwagen.es\/wp-content\/uploads\/2026\/04\/IMG_E5716-scaled-e1775046682743.jpg","articleSection":["Uncategorized"],"inLanguage":"es","potentialAction":[{"@type":"CommentAction","name":"Comment","target":["https:\/\/bollerwagen.es\/index.php\/2026\/04\/01\/como-elegir-un-carrito-plegable-para-familias-activas\/#respond"]}]},{"@type":"WebPage","@id":"https:\/\/bollerwagen.es\/index.php\/2026\/04\/01\/como-elegir-un-carrito-plegable-para-familias-activas\/","url":"https:\/\/bollerwagen.es\/index.php\/2026\/04\/01\/como-elegir-un-carrito-plegable-para-familias-activas\/","name":"C\u00f3mo elegir un carrito plegable para familias activas - Bollerwagen.es","isPartOf":{"@id":"https:\/\/bollerwagen.es\/#website"},"primaryImageOfPage":{"@id":"https:\/\/bollerwagen.es\/index.php\/2026\/04\/01\/como-elegir-un-carrito-plegable-para-familias-activas\/#primaryimage"},"image":{"@id":"https:\/\/bollerwagen.es\/index.php\/2026\/04\/01\/como-elegir-un-carrito-plegable-para-familias-activas\/#primaryimage"},"thumbnailUrl":"https:\/\/bollerwagen.es\/wp-content\/uploads\/2026\/04\/IMG_E5716-scaled-e1775046682743.jpg","datePublished":"2026-04-01T11:12:25+00:00","dateModified":"2026-04-01T12:31:34+00:00","author":{"@id":"https:\/\/bollerwagen.es\/#\/schema\/person\/947ed12be0087622e5a392594b4f0642"},"breadcrumb":{"@id":"https:\/\/bollerwagen.es\/index.php\/2026\/04\/01\/como-elegir-un-carrito-plegable-para-familias-activas\/#breadcrumb"},"inLanguage":"es","potentialAction":[{"@type":"ReadAction","target":["https:\/\/bollerwagen.es\/index.php\/2026\/04\/01\/como-elegir-un-carrito-plegable-para-familias-activas\/"]}]},{"@type":"ImageObject","inLanguage":"es","@id":"https:\/\/bollerwagen.es\/index.php\/2026\/04\/01\/como-elegir-un-carrito-plegable-para-familias-activas\/#primaryimage","url":"https:\/\/bollerwagen.es\/wp-content\/uploads\/2026\/04\/IMG_E5716-scaled-e1775046682743.jpg","contentUrl":"https:\/\/bollerwagen.es\/wp-content\/uploads\/2026\/04\/IMG_E5716-scaled-e1775046682743.jpg","width":2035,"height":1143},{"@type":"BreadcrumbList","@id":"https:\/\/bollerwagen.es\/index.php\/2026\/04\/01\/como-elegir-un-carrito-plegable-para-familias-activas\/#breadcrumb","itemListElement":[{"@type":"ListItem","position":1,"name":"Portada","item":"https:\/\/bollerwagen.es\/"},{"@type":"ListItem","position":2,"name":"C\u00f3mo elegir un carrito plegable para familias activas"}]},{"@type":"WebSite","@id":"https:\/\/bollerwagen.es\/#website","url":"https:\/\/bollerwagen.es\/","name":"Bollerwagen.es","description":"","potentialAction":[{"@type":"SearchAction","target":{"@type":"EntryPoint","urlTemplate":"https:\/\/bollerwagen.es\/?s={search_term_string}"},"query-input":{"@type":"PropertyValueSpecification","valueRequired":true,"valueName":"search_term_string"}}],"inLanguage":"es"},{"@type":"Person","@id":"https:\/\/bollerwagen.es\/#\/schema\/person\/947ed12be0087622e5a392594b4f0642","name":"admin","image":{"@type":"ImageObject","inLanguage":"es","@id":"https:\/\/secure.gravatar.com\/avatar\/00cfcae198899260c8db0e0b8f9d4c40f23228a82e2c2b1a6c20fd0a2787aaf3?s=96&d=mm&r=g","url":"https:\/\/secure.gravatar.com\/avatar\/00cfcae198899260c8db0e0b8f9d4c40f23228a82e2c2b1a6c20fd0a2787aaf3?s=96&d=mm&r=g","contentUrl":"https:\/\/secure.gravatar.com\/avatar\/00cfcae198899260c8db0e0b8f9d4c40f23228a82e2c2b1a6c20fd0a2787aaf3?s=96&d=mm&r=g","caption":"admin"},"sameAs":["https:\/\/bollerwagen.es"],"url":"https:\/\/bollerwagen.es\/index.php\/author\/bollerwagenes2026\/"}]}},"uagb_featured_image_src":{"full":["https:\/\/bollerwagen.es\/wp-content\/uploads\/2026\/04\/IMG_E5716-scaled-e1775046682743.jpg",2035,1143,false],"thumbnail":["https:\/\/bollerwagen.es\/wp-content\/uploads\/2026\/04\/IMG_E5716-scaled-e1775046682743-150x150.jpg",150,150,true],"medium":["https:\/\/bollerwagen.es\/wp-content\/uploads\/2026\/04\/IMG_E5716-scaled-e1775046682743-300x169.jpg",300,169,true],"medium_large":["https:\/\/bollerwagen.es\/wp-content\/uploads\/2026\/04\/IMG_E5716-scaled-e1775046682743-768x431.jpg",768,431,true],"large":["https:\/\/bollerwagen.es\/wp-content\/uploads\/2026\/04\/IMG_E5716-scaled-e1775046682743-1024x575.jpg",1024,575,true],"1536x1536":["https:\/\/bollerwagen.es\/wp-content\/uploads\/2026\/04\/IMG_E5716-scaled-e1775046682743-1536x863.jpg",1536,863,true],"2048x2048":["https:\/\/bollerwagen.es\/wp-content\/uploads\/2026\/04\/IMG_E5716-1638x2048.jpg",1638,2048,true]},"uagb_author_info":{"display_name":"admin","author_link":"https:\/\/bollerwagen.es\/index.php\/author\/bollerwagenes2026\/"},"uagb_comment_info":0,"uagb_excerpt":"Hay compras que parecen muy simples hasta que empiezas a mirar de verdad. Un carrito plegable familiar es una de [&hellip;]","_links":{"self":[{"href":"https:\/\/bollerwagen.es\/index.php\/wp-json\/wp\/v2\/posts\/90","targetHints":{"allow":["GET"]}}],"collection":[{"href":"https:\/\/bollerwagen.es\/index.php\/wp-json\/wp\/v2\/posts"}],"about":[{"href":"https:\/\/bollerwagen.es\/index.php\/wp-json\/wp\/v2\/types\/post"}],"author":[{"embeddable":true,"href":"https:\/\/bollerwagen.es\/index.php\/wp-json\/wp\/v2\/users\/1"}],"replies":[{"embeddable":true,"href":"https:\/\/bollerwagen.es\/index.php\/wp-json\/wp\/v2\/comments?post=90"}],"version-history":[{"count":1,"href":"https:\/\/bollerwagen.es\/index.php\/wp-json\/wp\/v2\/posts\/90\/revisions"}],"predecessor-version":[{"id":91,"href":"https:\/\/bollerwagen.es\/index.php\/wp-json\/wp\/v2\/posts\/90\/revisions\/91"}],"wp:featuredmedia":[{"embeddable":true,"href":"https:\/\/bollerwagen.es\/index.php\/wp-json\/wp\/v2\/media\/103"}],"wp:attachment":[{"href":"https:\/\/bollerwagen.es\/index.php\/wp-json\/wp\/v2\/media?parent=90"}],"wp:term":[{"taxonomy":"category","embeddable":true,"href":"https:\/\/bollerwagen.es\/index.php\/wp-json\/wp\/v2\/categories?post=90"},{"taxonomy":"post_tag","embeddable":true,"href":"https:\/\/bollerwagen.es\/index.php\/wp-json\/wp\/v2\/tags?post=90"}],"curies":[{"name":"wp","href":"https:\/\/api.w.org\/{rel}","templated":true}]}}